{"id":8984,"date":"2019-01-08T12:00:31","date_gmt":"2019-01-08T11:00:31","guid":{"rendered":"https:\/\/www.kravolution.com\/?p=8984"},"modified":"2019-01-08T14:55:48","modified_gmt":"2019-01-08T13:55:48","slug":"entrainement-militaire-krav-maga-a-la-legion","status":"publish","type":"post","link":"https:\/\/www.kravolution.com\/fr\/news\/entrainement-militaire-krav-maga-a-la-legion\/","title":{"rendered":"ENTRA\u00ceNEMENT MILITAIRE KRAV MAGA \u00c0 LA L\u00c9GION ! (25.03.-31.03.2019)"},"content":{"rendered":"\n<figure class=\"wp-block-image\"><img decoding=\"async\" loading=\"lazy\" width=\"1024\" height=\"538\" src=\"https:\/\/www.kravolution.com\/wp-content\/uploads\/2019\/01\/FB-Posting_Worldrun-MilitaryKravMaga_Korsika-1024x538.png\" alt=\"\" class=\"wp-image-8971\" srcset=\"https:\/\/www.kravolution.com\/wp-content\/uploads\/2019\/01\/FB-Posting_Worldrun-MilitaryKravMaga_Korsika-1024x538.png 1024w, https:\/\/www.kravolution.com\/wp-content\/uploads\/2019\/01\/FB-Posting_Worldrun-MilitaryKravMaga_Korsika-300x158.png 300w, https:\/\/www.kravolution.com\/wp-content\/uploads\/2019\/01\/FB-Posting_Worldrun-MilitaryKravMaga_Korsika-768x403.png 768w, https:\/\/www.kravolution.com\/wp-content\/uploads\/2019\/01\/FB-Posting_Worldrun-MilitaryKravMaga_Korsika.png 1200w\" sizes=\"(max-width: 1024px) 100vw, 1024px\" \/><\/figure>\n\n\n\n<p><\/p>\n\n\n\n<p>Le contenu de cet excellent entra\u00eenement militaire en Krav Maga est bas\u00e9 sur le syst\u00e8me Krav Maga,<\/p>\n\n\n\n<p>de Imi Lichtenfeld et contient la transmission des comp\u00e9tences didactiques n\u00e9cessaires pour le soutien de l\u2019enseignement.<\/p>\n\n\n\n<p>la gestion de l\u2019entra\u00eenement du Krav Maga pour les soldats dans le respect des r\u00e8gles d\u2019engagement.<!--more--><\/p>\n\n\n\n<p>CONTENU du cours :<\/p>\n\n\n\n<ul><li>communication et langage corporel<\/li><li>comportement tactique dans les situations de conflit<\/li><li>le travail d\u2019\u00e9quipe en mati\u00e8re d\u2019autod\u00e9fense<\/li><li>r\u00e9action aux empi\u00e8tements<\/li><li>techniques de soulagement en termes d\u2019attaques par contact<\/li><li>techniques dans les situations d\u2019urgence et de secours d\u2019urgence<\/li><li>combat rapproch\u00e9<\/li><li>l\u2019autod\u00e9fense dans des conditions d\u00e9favorables telles qu\u2019un faible \u00e9clairage ou l\u2019absence d\u2019\u00e9clairage<\/li><li>techniques et tactiques d\u2019autod\u00e9fense dans une op\u00e9ration militaire<\/li><li>l\u2019utilisation d\u2019objets communs comme les armes de poing et les armes d\u2019\u00e9paule, par exemple comme objet contre un ou plusieurs attaquants<\/li><li>d\u00e9fense d\u2019attaques au couteau<\/li><li>la d\u00e9fense de la protection des tiers contre les menaces li\u00e9es aux armes \u00e0 feu<\/li><\/ul>\n\n\n\n<p><strong>Cliquez&nbsp;<a href=\"https:\/\/www.kravolution.com\/never-give-up\/military-instructor-course\/?lang=fr\">ici<\/a>&nbsp;pour plus d\u2019informations.<\/strong><\/p>\n\n\n\n<p><strong>Apr\u00e8s le passage<\/strong><br>tous les participants re\u00e7oivent un certificat d\u2019entra\u00eenement militaire Krav Maga et l\u2019\u00e9cusson militaire. Ce cours offre le plus haut niveau d\u2019entra\u00eenement au combat rapproch\u00e9 pour les soldats.<\/p>\n\n\n\n<p>LANGUE :<br>Fran\u00e7ais \/ Anglais<\/p>\n","protected":false},"excerpt":{"rendered":"Le contenu de cet excellent entra\u00eenement militaire en Krav Maga est bas\u00e9 sur le syst\u00e8me Krav Maga, de Imi Lichtenfeld [&hellip;]","protected":false},"author":21,"featured_media":8976,"comment_status":"closed","ping_status":"open","sticky":false,"template":"","format":"standard","meta":{"_et_pb_use_builder":"","_et_pb_old_content":"","_et_gb_content_width":"","_mi_skip_tracking":false},"categories":[21,34],"tags":[],"acf":[],"yoast_head":"<!-- This site is optimized with the Yoast SEO plugin v19.13 - https:\/\/yoast.com\/wordpress\/plugins\/seo\/ -->\n<title>ENTRA\u00ceNEMENT MILITAIRE KRAV MAGA \u00c0 LA L\u00c9GION ! (25.03.-31.03.2019) - KRAVolution<\/title>\n<meta name=\"description\" content=\"Le contenu de cet excellent entra\u00eenement militaire en Krav Maga est bas\u00e9 sur le syst\u00e8me Krav Maga, de Imi Lichtenfeld et contient la transmission des\" \/>\n<meta name=\"robots\" content=\"index, follow, max-snippet:-1, max-image-preview:large, max-video-preview:-1\" \/>\n<link rel=\"canonical\" href=\"https:\/\/www.kravolution.com\/fr\/news\/entrainement-militaire-krav-maga-a-la-legion\/\" \/>\n<meta property=\"og:locale\" content=\"fr_FR\" \/>\n<meta property=\"og:type\" content=\"article\" \/>\n<meta property=\"og:title\" content=\"ENTRA\u00ceNEMENT MILITAIRE KRAV MAGA \u00c0 LA L\u00c9GION ! (25.03.-31.03.2019) - KRAVolution\" \/>\n<meta property=\"og:description\" content=\"Le contenu de cet excellent entra\u00eenement militaire en Krav Maga est bas\u00e9 sur le syst\u00e8me Krav Maga, de Imi Lichtenfeld et contient la transmission des\" \/>\n<meta property=\"og:url\" content=\"https:\/\/www.kravolution.com\/fr\/news\/entrainement-militaire-krav-maga-a-la-legion\/\" \/>\n<meta property=\"og:site_name\" content=\"KRAVolution\" \/>\n<meta property=\"article:published_time\" content=\"2019-01-08T11:00:31+00:00\" \/>\n<meta property=\"article:modified_time\" content=\"2019-01-08T13:55:48+00:00\" \/>\n<meta property=\"og:image\" content=\"https:\/\/www.kravolution.com\/wp-content\/uploads\/2019\/01\/MilCalvi.png\" \/>\n\t<meta property=\"og:image:width\" content=\"350\" \/>\n\t<meta property=\"og:image:height\" content=\"350\" \/>\n\t<meta property=\"og:image:type\" content=\"image\/png\" \/>\n<meta name=\"author\" content=\"Franziska Frei\" \/>\n<meta name=\"twitter:card\" content=\"summary_large_image\" \/>\n<meta name=\"twitter:label1\" content=\"\u00c9crit par\" \/>\n\t<meta name=\"twitter:data1\" content=\"Franziska Frei\" \/>\n\t<meta name=\"twitter:label2\" content=\"Dur\u00e9e de lecture estim\u00e9e\" \/>\n\t<meta name=\"twitter:data2\" content=\"1 minute\" \/>\n<script type=\"application\/ld+json\" class=\"yoast-schema-graph\">{\"@context\":\"https:\/\/schema.org\",\"@graph\":[{\"@type\":\"WebPage\",\"@id\":\"https:\/\/www.kravolution.com\/fr\/news\/entrainement-militaire-krav-maga-a-la-legion\/\",\"url\":\"https:\/\/www.kravolution.com\/fr\/news\/entrainement-militaire-krav-maga-a-la-legion\/\",\"name\":\"ENTRA\u00ceNEMENT MILITAIRE KRAV MAGA \u00c0 LA L\u00c9GION ! (25.03.-31.03.2019) - KRAVolution\",\"isPartOf\":{\"@id\":\"https:\/\/www.kravolution.com\/fr\/#website\"},\"datePublished\":\"2019-01-08T11:00:31+00:00\",\"dateModified\":\"2019-01-08T13:55:48+00:00\",\"author\":{\"@id\":\"https:\/\/www.kravolution.com\/fr\/#\/schema\/person\/d0c91baab30dfbdf6a334d0ac0f883be\"},\"description\":\"Le contenu de cet excellent entra\u00eenement militaire en Krav Maga est bas\u00e9 sur le syst\u00e8me Krav Maga, de Imi Lichtenfeld et contient la transmission des\",\"breadcrumb\":{\"@id\":\"https:\/\/www.kravolution.com\/fr\/news\/entrainement-militaire-krav-maga-a-la-legion\/#breadcrumb\"},\"inLanguage\":\"fr-FR\",\"potentialAction\":[{\"@type\":\"ReadAction\",\"target\":[\"https:\/\/www.kravolution.com\/fr\/news\/entrainement-militaire-krav-maga-a-la-legion\/\"]}]},{\"@type\":\"BreadcrumbList\",\"@id\":\"https:\/\/www.kravolution.com\/fr\/news\/entrainement-militaire-krav-maga-a-la-legion\/#breadcrumb\",\"itemListElement\":[{\"@type\":\"ListItem\",\"position\":1,\"name\":\"Home\",\"item\":\"https:\/\/www.kravolution.com\/fr\/\"},{\"@type\":\"ListItem\",\"position\":2,\"name\":\"ENTRA\u00ceNEMENT MILITAIRE KRAV MAGA \u00c0 LA L\u00c9GION ! (25.03.-31.03.2019)\"}]},{\"@type\":\"WebSite\",\"@id\":\"https:\/\/www.kravolution.com\/fr\/#website\",\"url\":\"https:\/\/www.kravolution.com\/fr\/\",\"name\":\"KRAVolution\",\"description\":\"Krav Maga modern israeli selfdefense system\",\"potentialAction\":[{\"@type\":\"SearchAction\",\"target\":{\"@type\":\"EntryPoint\",\"urlTemplate\":\"https:\/\/www.kravolution.com\/fr\/?s={search_term_string}\"},\"query-input\":\"required name=search_term_string\"}],\"inLanguage\":\"fr-FR\"},{\"@type\":\"Person\",\"@id\":\"https:\/\/www.kravolution.com\/fr\/#\/schema\/person\/d0c91baab30dfbdf6a334d0ac0f883be\",\"name\":\"Franziska Frei\",\"image\":{\"@type\":\"ImageObject\",\"inLanguage\":\"fr-FR\",\"@id\":\"https:\/\/www.kravolution.com\/fr\/#\/schema\/person\/image\/\",\"url\":\"https:\/\/secure.gravatar.com\/avatar\/da7442d5047bb9b087416e7ceda9ef00?s=96&d=mm&r=g\",\"contentUrl\":\"https:\/\/secure.gravatar.com\/avatar\/da7442d5047bb9b087416e7ceda9ef00?s=96&d=mm&r=g\",\"caption\":\"Franziska Frei\"},\"url\":\"https:\/\/www.kravolution.com\/fr\/author\/kravolution_frei\/\"}]}<\/script>\n<!-- \/ Yoast SEO plugin. -->","yoast_head_json":{"title":"ENTRA\u00ceNEMENT MILITAIRE KRAV MAGA \u00c0 LA L\u00c9GION ! (25.03.-31.03.2019) - KRAVolution","description":"Le contenu de cet excellent entra\u00eenement militaire en Krav Maga est bas\u00e9 sur le syst\u00e8me Krav Maga, de Imi Lichtenfeld et contient la transmission des","robots":{"index":"index","follow":"follow","max-snippet":"max-snippet:-1","max-image-preview":"max-image-preview:large","max-video-preview":"max-video-preview:-1"},"canonical":"https:\/\/www.kravolution.com\/fr\/news\/entrainement-militaire-krav-maga-a-la-legion\/","og_locale":"fr_FR","og_type":"article","og_title":"ENTRA\u00ceNEMENT MILITAIRE KRAV MAGA \u00c0 LA L\u00c9GION ! (25.03.-31.03.2019) - KRAVolution","og_description":"Le contenu de cet excellent entra\u00eenement militaire en Krav Maga est bas\u00e9 sur le syst\u00e8me Krav Maga, de Imi Lichtenfeld et contient la transmission des","og_url":"https:\/\/www.kravolution.com\/fr\/news\/entrainement-militaire-krav-maga-a-la-legion\/","og_site_name":"KRAVolution","article_published_time":"2019-01-08T11:00:31+00:00","article_modified_time":"2019-01-08T13:55:48+00:00","og_image":[{"width":350,"height":350,"url":"https:\/\/www.kravolution.com\/wp-content\/uploads\/2019\/01\/MilCalvi.png","type":"image\/png"}],"author":"Franziska Frei","twitter_card":"summary_large_image","twitter_misc":{"\u00c9crit par":"Franziska Frei","Dur\u00e9e de lecture estim\u00e9e":"1 minute"},"schema":{"@context":"https:\/\/schema.org","@graph":[{"@type":"WebPage","@id":"https:\/\/www.kravolution.com\/fr\/news\/entrainement-militaire-krav-maga-a-la-legion\/","url":"https:\/\/www.kravolution.com\/fr\/news\/entrainement-militaire-krav-maga-a-la-legion\/","name":"ENTRA\u00ceNEMENT MILITAIRE KRAV MAGA \u00c0 LA L\u00c9GION ! (25.03.-31.03.2019) - KRAVolution","isPartOf":{"@id":"https:\/\/www.kravolution.com\/fr\/#website"},"datePublished":"2019-01-08T11:00:31+00:00","dateModified":"2019-01-08T13:55:48+00:00","author":{"@id":"https:\/\/www.kravolution.com\/fr\/#\/schema\/person\/d0c91baab30dfbdf6a334d0ac0f883be"},"description":"Le contenu de cet excellent entra\u00eenement militaire en Krav Maga est bas\u00e9 sur le syst\u00e8me Krav Maga, de Imi Lichtenfeld et contient la transmission des","breadcrumb":{"@id":"https:\/\/www.kravolution.com\/fr\/news\/entrainement-militaire-krav-maga-a-la-legion\/#breadcrumb"},"inLanguage":"fr-FR","potentialAction":[{"@type":"ReadAction","target":["https:\/\/www.kravolution.com\/fr\/news\/entrainement-militaire-krav-maga-a-la-legion\/"]}]},{"@type":"BreadcrumbList","@id":"https:\/\/www.kravolution.com\/fr\/news\/entrainement-militaire-krav-maga-a-la-legion\/#breadcrumb","itemListElement":[{"@type":"ListItem","position":1,"name":"Home","item":"https:\/\/www.kravolution.com\/fr\/"},{"@type":"ListItem","position":2,"name":"ENTRA\u00ceNEMENT MILITAIRE KRAV MAGA \u00c0 LA L\u00c9GION ! (25.03.-31.03.2019)"}]},{"@type":"WebSite","@id":"https:\/\/www.kravolution.com\/fr\/#website","url":"https:\/\/www.kravolution.com\/fr\/","name":"KRAVolution","description":"Krav Maga modern israeli selfdefense system","potentialAction":[{"@type":"SearchAction","target":{"@type":"EntryPoint","urlTemplate":"https:\/\/www.kravolution.com\/fr\/?s={search_term_string}"},"query-input":"required name=search_term_string"}],"inLanguage":"fr-FR"},{"@type":"Person","@id":"https:\/\/www.kravolution.com\/fr\/#\/schema\/person\/d0c91baab30dfbdf6a334d0ac0f883be","name":"Franziska Frei","image":{"@type":"ImageObject","inLanguage":"fr-FR","@id":"https:\/\/www.kravolution.com\/fr\/#\/schema\/person\/image\/","url":"https:\/\/secure.gravatar.com\/avatar\/da7442d5047bb9b087416e7ceda9ef00?s=96&d=mm&r=g","contentUrl":"https:\/\/secure.gravatar.com\/avatar\/da7442d5047bb9b087416e7ceda9ef00?s=96&d=mm&r=g","caption":"Franziska Frei"},"url":"https:\/\/www.kravolution.com\/fr\/author\/kravolution_frei\/"}]}},"_links":{"self":[{"href":"https:\/\/www.kravolution.com\/fr\/wp-json\/wp\/v2\/posts\/8984"}],"collection":[{"href":"https:\/\/www.kravolution.com\/fr\/wp-json\/wp\/v2\/posts"}],"about":[{"href":"https:\/\/www.kravolution.com\/fr\/wp-json\/wp\/v2\/types\/post"}],"author":[{"embeddable":true,"href":"https:\/\/www.kravolution.com\/fr\/wp-json\/wp\/v2\/users\/21"}],"replies":[{"embeddable":true,"href":"https:\/\/www.kravolution.com\/fr\/wp-json\/wp\/v2\/comments?post=8984"}],"version-history":[{"count":2,"href":"https:\/\/www.kravolution.com\/fr\/wp-json\/wp\/v2\/posts\/8984\/revisions"}],"predecessor-version":[{"id":9035,"href":"https:\/\/www.kravolution.com\/fr\/wp-json\/wp\/v2\/posts\/8984\/revisions\/9035"}],"wp:featuredmedia":[{"embeddable":true,"href":"https:\/\/www.kravolution.com\/fr\/wp-json\/wp\/v2\/media\/8976"}],"wp:attachment":[{"href":"https:\/\/www.kravolution.com\/fr\/wp-json\/wp\/v2\/media?parent=8984"}],"wp:term":[{"taxonomy":"category","embeddable":true,"href":"https:\/\/www.kravolution.com\/fr\/wp-json\/wp\/v2\/categories?post=8984"},{"taxonomy":"post_tag","embeddable":true,"href":"https:\/\/www.kravolution.com\/fr\/wp-json\/wp\/v2\/tags?post=8984"}],"curies":[{"name":"wp","href":"https:\/\/api.w.org\/{rel}","templated":true}]}}