{"id":27611,"date":"2020-04-21T13:29:20","date_gmt":"2020-04-21T11:29:20","guid":{"rendered":"https:\/\/www.kravolution.com\/?p=27611"},"modified":"2020-04-21T13:29:20","modified_gmt":"2020-04-21T11:29:20","slug":"21-04-20-1800-hrs-la-menace-des-fusils-militaires-du-krav-maga","status":"publish","type":"post","link":"https:\/\/www.kravolution.com\/fr\/news\/21-04-20-1800-hrs-la-menace-des-fusils-militaires-du-krav-maga\/","title":{"rendered":"21.04.20 &#8211; 18:00 hrs &#8211; La menace des fusils militaires du Krav Maga"},"content":{"rendered":"<div style=\"width: 1920px;\" class=\"wp-video\"><!--[if lt IE 9]><script>document.createElement('video');<\/script><![endif]-->\n<video class=\"wp-video-shortcode\" id=\"video-27611-1\" width=\"1920\" height=\"1080\" preload=\"metadata\" controls=\"controls\"><source type=\"video\/mp4\" src=\"https:\/\/www.kravolution.com\/wp-content\/uploads\/2020\/04\/7Rifle-Threat-YT.mp4?_=1\" \/><a href=\"https:\/\/www.kravolution.com\/wp-content\/uploads\/2020\/04\/7Rifle-Threat-YT.mp4\">https:\/\/www.kravolution.com\/wp-content\/uploads\/2020\/04\/7Rifle-Threat-YT.mp4<\/a><\/video><\/div>\n<p>Le Krav Maga militaire n&rsquo;est pas destin\u00e9 aux utilisateurs civils. Cependant, nous pensons toujours qu&rsquo;\u00e0 notre \u00e9poque, il ne peut \u00eatre totalement exclu que vous soyez menac\u00e9 par une arme longue dans la vie civile. Selon un communiqu\u00e9 de presse de Hanovre du 06.04.2020, une femme de 57 ans a menac\u00e9 son voisin avec un fusil historique, non fonctionnel, parce qu&rsquo;il a mis la radio trop forte. Cependant, les choses ne doivent pas toujours se terminer aussi facilement, comme le montrent d&rsquo;autres \u00e9v\u00e9nements et les situations de menace et de terreur actuelles du pass\u00e9 r\u00e9cent.<br \/>\nC&rsquo;est pourquoi les deux instructeurs militaires de Krav Maga, Carsten et Patrick, vous montreront aujourd&rsquo;hui comment \u00e9viter les sc\u00e9narios de menace avec un fusil.<\/p>\n<p>Retrouvez l&rsquo;int\u00e9gralit\u00e9 de la vid\u00e9o ici: <a href=\"http:\/\/www.kravolution.com\/webinar\">www.kravolution.com\/webinar<\/a><\/p>\n","protected":false},"excerpt":{"rendered":"Le Krav Maga militaire n&rsquo;est pas destin\u00e9 aux utilisateurs civils. Cependant, nous pensons toujours qu&rsquo;\u00e0 notre \u00e9poque, il ne peut [&hellip;]","protected":false},"author":195,"featured_media":27606,"comment_status":"closed","ping_status":"open","sticky":false,"template":"","format":"standard","meta":{"_et_pb_use_builder":"","_et_pb_old_content":"","_et_gb_content_width":"","_mi_skip_tracking":false},"categories":[21],"tags":[],"acf":[],"yoast_head":"<!-- This site is optimized with the Yoast SEO plugin v19.13 - https:\/\/yoast.com\/wordpress\/plugins\/seo\/ -->\n<title>21.04.20 - 18:00 hrs - La menace des fusils militaires du Krav Maga - KRAVolution<\/title>\n<meta name=\"description\" content=\"Le Krav Maga militaire n&#039;est pas destin\u00e9 aux utilisateurs civils. Cependant, nous pensons toujours qu&#039;\u00e0 notre \u00e9poque, il ne peut \u00eatre totalement exclu que\" \/>\n<meta name=\"robots\" content=\"index, follow, max-snippet:-1, max-image-preview:large, max-video-preview:-1\" \/>\n<link rel=\"canonical\" href=\"https:\/\/www.kravolution.com\/fr\/news\/21-04-20-1800-hrs-la-menace-des-fusils-militaires-du-krav-maga\/\" \/>\n<meta property=\"og:locale\" content=\"fr_FR\" \/>\n<meta property=\"og:type\" content=\"article\" \/>\n<meta property=\"og:title\" content=\"21.04.20 - 18:00 hrs - La menace des fusils militaires du Krav Maga - KRAVolution\" \/>\n<meta property=\"og:description\" content=\"Le Krav Maga militaire n&#039;est pas destin\u00e9 aux utilisateurs civils. Cependant, nous pensons toujours qu&#039;\u00e0 notre \u00e9poque, il ne peut \u00eatre totalement exclu que\" \/>\n<meta property=\"og:url\" content=\"https:\/\/www.kravolution.com\/fr\/news\/21-04-20-1800-hrs-la-menace-des-fusils-militaires-du-krav-maga\/\" \/>\n<meta property=\"og:site_name\" content=\"KRAVolution\" \/>\n<meta property=\"article:published_time\" content=\"2020-04-21T11:29:20+00:00\" \/>\n<meta property=\"og:image\" content=\"https:\/\/www.kravolution.com\/wp-content\/uploads\/2020\/04\/Krav-Maga-Military-Riffle-Threat.jpg\" \/>\n\t<meta property=\"og:image:width\" content=\"833\" \/>\n\t<meta property=\"og:image:height\" content=\"833\" \/>\n\t<meta property=\"og:image:type\" content=\"image\/jpeg\" \/>\n<meta name=\"author\" content=\"Michael Mazgaj\" \/>\n<meta name=\"twitter:card\" content=\"summary_large_image\" \/>\n<meta name=\"twitter:label1\" content=\"\u00c9crit par\" \/>\n\t<meta name=\"twitter:data1\" content=\"Michael Mazgaj\" \/>\n\t<meta name=\"twitter:label2\" content=\"Dur\u00e9e de lecture estim\u00e9e\" \/>\n\t<meta name=\"twitter:data2\" content=\"1 minute\" \/>\n<script type=\"application\/ld+json\" class=\"yoast-schema-graph\">{\"@context\":\"https:\/\/schema.org\",\"@graph\":[{\"@type\":\"WebPage\",\"@id\":\"https:\/\/www.kravolution.com\/fr\/news\/21-04-20-1800-hrs-la-menace-des-fusils-militaires-du-krav-maga\/\",\"url\":\"https:\/\/www.kravolution.com\/fr\/news\/21-04-20-1800-hrs-la-menace-des-fusils-militaires-du-krav-maga\/\",\"name\":\"21.04.20 - 18:00 hrs - La menace des fusils militaires du Krav Maga - KRAVolution\",\"isPartOf\":{\"@id\":\"https:\/\/www.kravolution.com\/fr\/#website\"},\"datePublished\":\"2020-04-21T11:29:20+00:00\",\"dateModified\":\"2020-04-21T11:29:20+00:00\",\"author\":{\"@id\":\"https:\/\/www.kravolution.com\/fr\/#\/schema\/person\/1078c3edca12e1af12f7d9b7396d94e8\"},\"description\":\"Le Krav Maga militaire n'est pas destin\u00e9 aux utilisateurs civils. Cependant, nous pensons toujours qu'\u00e0 notre \u00e9poque, il ne peut \u00eatre totalement exclu que\",\"breadcrumb\":{\"@id\":\"https:\/\/www.kravolution.com\/fr\/news\/21-04-20-1800-hrs-la-menace-des-fusils-militaires-du-krav-maga\/#breadcrumb\"},\"inLanguage\":\"fr-FR\",\"potentialAction\":[{\"@type\":\"ReadAction\",\"target\":[\"https:\/\/www.kravolution.com\/fr\/news\/21-04-20-1800-hrs-la-menace-des-fusils-militaires-du-krav-maga\/\"]}]},{\"@type\":\"BreadcrumbList\",\"@id\":\"https:\/\/www.kravolution.com\/fr\/news\/21-04-20-1800-hrs-la-menace-des-fusils-militaires-du-krav-maga\/#breadcrumb\",\"itemListElement\":[{\"@type\":\"ListItem\",\"position\":1,\"name\":\"Home\",\"item\":\"https:\/\/www.kravolution.com\/fr\/\"},{\"@type\":\"ListItem\",\"position\":2,\"name\":\"21.04.20 &#8211; 18:00 hrs &#8211; La menace des fusils militaires du Krav Maga\"}]},{\"@type\":\"WebSite\",\"@id\":\"https:\/\/www.kravolution.com\/fr\/#website\",\"url\":\"https:\/\/www.kravolution.com\/fr\/\",\"name\":\"KRAVolution\",\"description\":\"Krav Maga modern israeli selfdefense system\",\"potentialAction\":[{\"@type\":\"SearchAction\",\"target\":{\"@type\":\"EntryPoint\",\"urlTemplate\":\"https:\/\/www.kravolution.com\/fr\/?s={search_term_string}\"},\"query-input\":\"required name=search_term_string\"}],\"inLanguage\":\"fr-FR\"},{\"@type\":\"Person\",\"@id\":\"https:\/\/www.kravolution.com\/fr\/#\/schema\/person\/1078c3edca12e1af12f7d9b7396d94e8\",\"name\":\"Michael Mazgaj\",\"image\":{\"@type\":\"ImageObject\",\"inLanguage\":\"fr-FR\",\"@id\":\"https:\/\/www.kravolution.com\/fr\/#\/schema\/person\/image\/\",\"url\":\"https:\/\/secure.gravatar.com\/avatar\/c252154e191d46cef9dc89080d3200f4?s=96&d=mm&r=g\",\"contentUrl\":\"https:\/\/secure.gravatar.com\/avatar\/c252154e191d46cef9dc89080d3200f4?s=96&d=mm&r=g\",\"caption\":\"Michael Mazgaj\"},\"url\":\"https:\/\/www.kravolution.com\/fr\/author\/eni_mm\/\"}]}<\/script>\n<!-- \/ Yoast SEO plugin. -->","yoast_head_json":{"title":"21.04.20 - 18:00 hrs - La menace des fusils militaires du Krav Maga - KRAVolution","description":"Le Krav Maga militaire n'est pas destin\u00e9 aux utilisateurs civils. Cependant, nous pensons toujours qu'\u00e0 notre \u00e9poque, il ne peut \u00eatre totalement exclu que","robots":{"index":"index","follow":"follow","max-snippet":"max-snippet:-1","max-image-preview":"max-image-preview:large","max-video-preview":"max-video-preview:-1"},"canonical":"https:\/\/www.kravolution.com\/fr\/news\/21-04-20-1800-hrs-la-menace-des-fusils-militaires-du-krav-maga\/","og_locale":"fr_FR","og_type":"article","og_title":"21.04.20 - 18:00 hrs - La menace des fusils militaires du Krav Maga - KRAVolution","og_description":"Le Krav Maga militaire n'est pas destin\u00e9 aux utilisateurs civils. Cependant, nous pensons toujours qu'\u00e0 notre \u00e9poque, il ne peut \u00eatre totalement exclu que","og_url":"https:\/\/www.kravolution.com\/fr\/news\/21-04-20-1800-hrs-la-menace-des-fusils-militaires-du-krav-maga\/","og_site_name":"KRAVolution","article_published_time":"2020-04-21T11:29:20+00:00","og_image":[{"width":833,"height":833,"url":"https:\/\/www.kravolution.com\/wp-content\/uploads\/2020\/04\/Krav-Maga-Military-Riffle-Threat.jpg","type":"image\/jpeg"}],"author":"Michael Mazgaj","twitter_card":"summary_large_image","twitter_misc":{"\u00c9crit par":"Michael Mazgaj","Dur\u00e9e de lecture estim\u00e9e":"1 minute"},"schema":{"@context":"https:\/\/schema.org","@graph":[{"@type":"WebPage","@id":"https:\/\/www.kravolution.com\/fr\/news\/21-04-20-1800-hrs-la-menace-des-fusils-militaires-du-krav-maga\/","url":"https:\/\/www.kravolution.com\/fr\/news\/21-04-20-1800-hrs-la-menace-des-fusils-militaires-du-krav-maga\/","name":"21.04.20 - 18:00 hrs - La menace des fusils militaires du Krav Maga - KRAVolution","isPartOf":{"@id":"https:\/\/www.kravolution.com\/fr\/#website"},"datePublished":"2020-04-21T11:29:20+00:00","dateModified":"2020-04-21T11:29:20+00:00","author":{"@id":"https:\/\/www.kravolution.com\/fr\/#\/schema\/person\/1078c3edca12e1af12f7d9b7396d94e8"},"description":"Le Krav Maga militaire n'est pas destin\u00e9 aux utilisateurs civils. Cependant, nous pensons toujours qu'\u00e0 notre \u00e9poque, il ne peut \u00eatre totalement exclu que","breadcrumb":{"@id":"https:\/\/www.kravolution.com\/fr\/news\/21-04-20-1800-hrs-la-menace-des-fusils-militaires-du-krav-maga\/#breadcrumb"},"inLanguage":"fr-FR","potentialAction":[{"@type":"ReadAction","target":["https:\/\/www.kravolution.com\/fr\/news\/21-04-20-1800-hrs-la-menace-des-fusils-militaires-du-krav-maga\/"]}]},{"@type":"BreadcrumbList","@id":"https:\/\/www.kravolution.com\/fr\/news\/21-04-20-1800-hrs-la-menace-des-fusils-militaires-du-krav-maga\/#breadcrumb","itemListElement":[{"@type":"ListItem","position":1,"name":"Home","item":"https:\/\/www.kravolution.com\/fr\/"},{"@type":"ListItem","position":2,"name":"21.04.20 &#8211; 18:00 hrs &#8211; La menace des fusils militaires du Krav Maga"}]},{"@type":"WebSite","@id":"https:\/\/www.kravolution.com\/fr\/#website","url":"https:\/\/www.kravolution.com\/fr\/","name":"KRAVolution","description":"Krav Maga modern israeli selfdefense system","potentialAction":[{"@type":"SearchAction","target":{"@type":"EntryPoint","urlTemplate":"https:\/\/www.kravolution.com\/fr\/?s={search_term_string}"},"query-input":"required name=search_term_string"}],"inLanguage":"fr-FR"},{"@type":"Person","@id":"https:\/\/www.kravolution.com\/fr\/#\/schema\/person\/1078c3edca12e1af12f7d9b7396d94e8","name":"Michael Mazgaj","image":{"@type":"ImageObject","inLanguage":"fr-FR","@id":"https:\/\/www.kravolution.com\/fr\/#\/schema\/person\/image\/","url":"https:\/\/secure.gravatar.com\/avatar\/c252154e191d46cef9dc89080d3200f4?s=96&d=mm&r=g","contentUrl":"https:\/\/secure.gravatar.com\/avatar\/c252154e191d46cef9dc89080d3200f4?s=96&d=mm&r=g","caption":"Michael Mazgaj"},"url":"https:\/\/www.kravolution.com\/fr\/author\/eni_mm\/"}]}},"_links":{"self":[{"href":"https:\/\/www.kravolution.com\/fr\/wp-json\/wp\/v2\/posts\/27611"}],"collection":[{"href":"https:\/\/www.kravolution.com\/fr\/wp-json\/wp\/v2\/posts"}],"about":[{"href":"https:\/\/www.kravolution.com\/fr\/wp-json\/wp\/v2\/types\/post"}],"author":[{"embeddable":true,"href":"https:\/\/www.kravolution.com\/fr\/wp-json\/wp\/v2\/users\/195"}],"replies":[{"embeddable":true,"href":"https:\/\/www.kravolution.com\/fr\/wp-json\/wp\/v2\/comments?post=27611"}],"version-history":[{"count":1,"href":"https:\/\/www.kravolution.com\/fr\/wp-json\/wp\/v2\/posts\/27611\/revisions"}],"predecessor-version":[{"id":27612,"href":"https:\/\/www.kravolution.com\/fr\/wp-json\/wp\/v2\/posts\/27611\/revisions\/27612"}],"wp:featuredmedia":[{"embeddable":true,"href":"https:\/\/www.kravolution.com\/fr\/wp-json\/wp\/v2\/media\/27606"}],"wp:attachment":[{"href":"https:\/\/www.kravolution.com\/fr\/wp-json\/wp\/v2\/media?parent=27611"}],"wp:term":[{"taxonomy":"category","embeddable":true,"href":"https:\/\/www.kravolution.com\/fr\/wp-json\/wp\/v2\/categories?post=27611"},{"taxonomy":"post_tag","embeddable":true,"href":"https:\/\/www.kravolution.com\/fr\/wp-json\/wp\/v2\/tags?post=27611"}],"curies":[{"name":"wp","href":"https:\/\/api.w.org\/{rel}","templated":true}]}}